{"id":203583,"date":"2020-04-18T17:12:16","date_gmt":"2020-04-18T17:12:16","guid":{"rendered":"https:\/\/freeonlinetranslators.net\/news\/germany\/corona-arzt-in-darmstadt-das-kenne-ich-so-von-keiner-anderen-krankheit\/"},"modified":"2020-04-18T17:12:16","modified_gmt":"2020-04-18T17:12:16","slug":"corona-arzt-in-darmstadt-das-kenne-ich-so-von-keiner-anderen-krankheit","status":"publish","type":"post","link":"https:\/\/freeonlinetranslators.net\/news\/germany\/corona-arzt-in-darmstadt-das-kenne-ich-so-von-keiner-anderen-krankheit\/","title":{"rendered":"Corona-Arzt in Darmstadt: \u201eDas kenne ich so von keiner anderen Krankheit\u201c"},"content":{"rendered":"<p class=\"caps\">Cihan Celik behandelt Covid-19-Kranke in Darmstadt. Hier spricht der Mediziner \u00fcber seine Erfahrungen mit der neuartigen Viruserkrankung.  <\/p>\n<p><strong>SPIEGEL:<\/strong> Herr Celik, wie ist die Situation auf Ihrer Station?<\/p>\n<p><strong>Cihan Celik:<\/strong> Wir haben alles im Griff, zumindest im Moment. Die Zahl der Covid-19-Verdachtsf\u00e4lle, die wir betreuen, ist in den vergangenen zwei Wochen zwar gestiegen. Aber noch haben wir ausreichend freie Kapazit\u00e4ten und k\u00f6nnen zur Not weitere Stationen f\u00fcr die Versorgung von Corona-Patienten umstrukturieren. Wir hatten zum Gl\u00fcck genug Zeit uns vorzubereiten.<\/p>\n<p><strong>SPIEGEL:<\/strong> Laut Angela Merkel ist der Handlungsspielraum f\u00fcr Lockerungen eng. Im schlimmsten Fall k\u00f6nnte das Gesundheitssystem schon im Juni an seine Grenzen geraten. Mit welchem Gef\u00fchl gehen Sie angesichts solcher Aussichten zur Arbeit?<\/p>\n<p><strong>Celik:<\/strong> Noch vor wenigen Wochen waren wir ziemlich nerv\u00f6s, weil wir keine praktische Erfahrung mit Covid-19 hatten. Unsere E-Mail-Postf\u00e4cher quollen \u00fcber mit neuen Studien, in die wir uns alle einlesen mussten. Mittlerweile verstehen wir die Krankheit besser und haben auch mehr Erfahrung im Umgang mit Patienten. Dadurch haben wir mehr Selbstvertrauen und k\u00f6nnen besser einsch\u00e4tzen, wann ein Patient \u00fcber den Berg ist. Seitdem schlafen wir deutlich besser. Allerdings bin ich mir sicher, dass wir eine gro\u00dfe Herausforderung vor uns haben. Wenn es zu weiteren Lockerungen kommt, werden auch die Fallzahlen steigen.<\/p>\n<p><strong>SPIEGEL:<\/strong> Haben Sie Angst sich anzustecken?<\/p>\n<p><strong>Celik:<\/strong> In unserem Krankenhaus arbeiten \u00fcber 2000 Menschen, die Zahl der best\u00e4tigten Corona-F\u00e4lle kann ich an einer Hand abz\u00e4hlen und sehr wahrscheinlich hat sich keiner von ihnen im Krankenhaus angesteckt. Die Beschaffung von Schutzausr\u00fcstung war nicht immer leicht, aber die Situation hat sich mittlerweile entspannt. Wenn wieder ein Lkw mit Schutzausr\u00fcstung zu uns unterwegs ist, erf\u00e4hrt es das ganze Haus. Das gibt uns ein gutes Gef\u00fchl. Man kann sich jedoch auch au\u00dferhalb des Krankenhauses anstecken, ich selbst hatte kurz den Verdacht, erkrankt zu sein.<\/p>\n<p><strong>SPIEGEL:<\/strong> Was haben Sie gemacht?<\/p>\n<p><strong>Celik:<\/strong> Ich war bei der Arbeit, als ich Halsschmerzen bekam. Ich bin dann gleich in ein Isolierzimmer gegangen und habe mich bei der Betriebs\u00e4rztin gemeldet. Dann wurde ein Abstrich gemacht, wir haben vor der Klinik extra ein Zelt daf\u00fcr eingerichtet. Ich war dann in h\u00e4uslicher Quarant\u00e4ne, nach zwei Tagen kam die Entwarnung vom Gesundheitsamt.<\/p>\n<p><strong>SPIEGEL:<\/strong> Was beobachten Sie bei Ihren Corona-Patienten?<\/p>\n<p><strong>Celik: <\/strong>Was mir als Erstes aufgefallen ist: Viele Patienten machen zun\u00e4chst einen fitten Eindruck. Wenn man sich dann aber deren Sauerstoffwerte anguckt, erschrickt man, weil sie so niedrig sind. Das kenne ich so von keiner anderen Krankheit. Andere Patienten h\u00e4tten wir bei solchen Werten schon intubiert, also k\u00fcnstlich beatmet. Einige sind deshalb \u00fcberrascht, wenn wir sie auf die Intensivstation verlegen, obwohl es ihnen noch gar nicht so schlecht geht. Aber das kann sich bei Covid-19 schnell \u00e4ndern. Es gibt also eine gro\u00dfe Abweichung zwischen dem klinischen Bild und den objektiv messbaren Parametern. Das macht ganz grob gesagt die Covid-19 Erkrankung im klinischen Alltag aus.<\/p>\n<p><strong>SPIEGEL:<\/strong> Viele glauben, Covid-19 sei vor allem f\u00fcr \u00c4ltere ein Problem. Sind Ihre Patienten alle \u00fcber 80 Jahre alt?<\/p>\n<p><strong>Celik:<\/strong> Gerade am Anfang der Epidemie, als viele aus dem Skiurlaub zur\u00fcckkamen, hatten wir erstaunlich viele junge Patienten - und mit jung meine ich 30 Jahre und aufw\u00e4rts -, bei denen das Coronavirus eine Lungenentz\u00fcndung verursacht hatte. In dem Alter sind Lungenentz\u00fcndungen eher selten, so viele auf einmal habe ich noch nie gesehen, und ich arbeite auf einer Lungenstation. Wenn das Virus in die Lunge gelangt, verl\u00e4uft die Krankheit schwer. Viele Patienten - auch junge - erz\u00e4hlen mir, dass sie sich noch nie so krank gef\u00fchlt h\u00e4tten.<\/p>\n","protected":false},"excerpt":{"rendered":"<p>Cihan Celik behandelt Covid-19-Kranke in Darmstadt. Hier spricht der Mediziner \u00fcber seine Erfahrungen mit der neuartigen Viruserkrankung. SPIEGEL: Herr Celik, wie ist die Situation auf Ihrer Station? Cihan Celik: Wir<\/p>\n","protected":false},"author":1,"featured_media":203584,"comment_status":"open","ping_status":"open","sticky":false,"template":"","format":"standard","meta":{"footnotes":""},"categories":[6],"tags":[],"class_list":["post-203583","post","type-post","status-publish","format-standard","has-post-thumbnail","hentry","category-germany"],"_links":{"self":[{"href":"https:\/\/freeonlinetranslators.net\/news\/wp-json\/wp\/v2\/posts\/203583","targetHints":{"allow":["GET"]}}],"collection":[{"href":"https:\/\/freeonlinetranslators.net\/news\/wp-json\/wp\/v2\/posts"}],"about":[{"href":"https:\/\/freeonlinetranslators.net\/news\/wp-json\/wp\/v2\/types\/post"}],"author":[{"embeddable":true,"href":"https:\/\/freeonlinetranslators.net\/news\/wp-json\/wp\/v2\/users\/1"}],"replies":[{"embeddable":true,"href":"https:\/\/freeonlinetranslators.net\/news\/wp-json\/wp\/v2\/comments?post=203583"}],"version-history":[{"count":0,"href":"https:\/\/freeonlinetranslators.net\/news\/wp-json\/wp\/v2\/posts\/203583\/revisions"}],"wp:featuredmedia":[{"embeddable":true,"href":"https:\/\/freeonlinetranslators.net\/news\/wp-json\/wp\/v2\/media\/203584"}],"wp:attachment":[{"href":"https:\/\/freeonlinetranslators.net\/news\/wp-json\/wp\/v2\/media?parent=203583"}],"wp:term":[{"taxonomy":"category","embeddable":true,"href":"https:\/\/freeonlinetranslators.net\/news\/wp-json\/wp\/v2\/categories?post=203583"},{"taxonomy":"post_tag","embeddable":true,"href":"https:\/\/freeonlinetranslators.net\/news\/wp-json\/wp\/v2\/tags?post=203583"}],"curies":[{"name":"wp","href":"https:\/\/api.w.org\/{rel}","templated":true}]}}