{"id":203488,"date":"2020-04-18T04:02:23","date_gmt":"2020-04-18T04:02:23","guid":{"rendered":"https:\/\/freeonlinetranslators.net\/news\/germany\/airbus-chef-guillaume-faury-zur-corona-krise-die-menschen-werden-wieder-fliegen\/"},"modified":"2020-04-18T04:02:23","modified_gmt":"2020-04-18T04:02:23","slug":"airbus-chef-guillaume-faury-zur-corona-krise-die-menschen-werden-wieder-fliegen","status":"publish","type":"post","link":"https:\/\/freeonlinetranslators.net\/news\/germany\/airbus-chef-guillaume-faury-zur-corona-krise-die-menschen-werden-wieder-fliegen\/","title":{"rendered":"Airbus-Chef Guillaume Faury zur Corona-Krise: &#171;Die Menschen werden wieder fliegen&#187;"},"content":{"rendered":"<p class=\"caps\">Um die Folgen der Coronakrise f\u00fcr Airbus abzumildern, fordert der Vorstandsvorsitzende Guillaume Faury staatliche Unterst\u00fctzung f\u00fcr klimafreundliche Flugzeuge und mehr R\u00fcstungsauftr\u00e4ge.  <\/p>\n<p><em>Guillaume Faury, 52, ist seit April 2019 Chef des europ\u00e4ischen Luftfahrt- und Verteidigungskonzerns Airbus. Bevor er den Deutschen Tom Enders abl\u00f6ste, war der geb\u00fcrtige Franzose unter anderem f\u00fcr die zivile Flugzeugsparte und das Hubschraubergesch\u00e4ft zust\u00e4ndig. Um die Balance zwischen den beiden wichtigsten Hersteller- und Eignerl\u00e4ndern Deutschland und Frankreich zu sichern, \u00fcbernahm am Donnerstag der fr\u00fchere Chef der Deutschen Telekom, Ren\u00e9 Obermann, den Vorsitz des Airbus-Verwaltungsrats.<\/em><\/p>\n<p><em>Im Gespr\u00e4ch mit dem SPIEGEL warnt <\/em><em>Faury<\/em><em> vor neuen steuerlichen Belastungen f\u00fcr Fluggesellschaften wie etwa die Anhebung der Luftverkehrsabgabe, die Deutschland aus Klimaschutzgr\u00fcnden beschlossen hat. Der Chef des deutsch-franz\u00f6sischen Luftfahrtkonzerns schl\u00e4gt stattdessen wegen der Coronakrise ein F\u00f6rderprogramm f\u00fcr Airlines vor.<\/em><\/p>\n<p><em>Er will derzeit keine Staatshilfen beantragen, schlie\u00dft sie aber auch nicht aus. Allerdings k\u00f6nnten die europ\u00e4ischen Regierungen dem Konzern mit Auftr\u00e4gen im R\u00fcstungsbereich wie etwa Bestellungen des Kampfflugzeugs &quot;Eurofighter&quot; helfen: Das &quot;k\u00f6nnte als eine Art Schock-Absorbierer wirken&quot;.<\/em><\/p>\n<p><strong>Lesen Sie hier das komplette Interview:<\/strong><\/p>\n<p><strong>SPIEGEL: <\/strong>Herr Faury, was w\u00fcrden Sie einem besorgten Mitarbeiter antworten, der Sie fragt, wie Airbus in zwei Jahren aussieht?<\/p>\n<p><strong>Faury: <\/strong>Ich habe leider keine Kristallkugel. Aber ich w\u00fcrde ihm sagen, dass wir alles tun, um unsere Zukunft zu sichern. Wir werden ganz sicher noch ein Luftfahrt- und Verteidigungskonzern sein, mit den besten Produkten, die es am Markt gibt. Und wir werden weiter investieren, etwa in umweltfreundliche Flugzeuge.<\/p>\n<p><strong>SPIEGEL: <\/strong>Ihr Konkurrent Boeing will angeblich bis zu zehn Prozent seiner Besch\u00e4ftigten abbauen. Wann kommen Sie mit einer \u00e4hnlichen Ank\u00fcndigung?<\/p>\n","protected":false},"excerpt":{"rendered":"<p>Um die Folgen der Coronakrise f\u00fcr Airbus abzumildern, fordert der Vorstandsvorsitzende Guillaume Faury staatliche Unterst\u00fctzung f\u00fcr klimafreundliche Flugzeuge und mehr R\u00fcstungsauftr\u00e4ge. Guillaume Faury, 52, ist seit April 2019 Chef des<\/p>\n","protected":false},"author":1,"featured_media":203489,"comment_status":"open","ping_status":"open","sticky":false,"template":"","format":"standard","meta":{"footnotes":""},"categories":[6],"tags":[],"class_list":["post-203488","post","type-post","status-publish","format-standard","has-post-thumbnail","hentry","category-germany"],"_links":{"self":[{"href":"https:\/\/freeonlinetranslators.net\/news\/wp-json\/wp\/v2\/posts\/203488","targetHints":{"allow":["GET"]}}],"collection":[{"href":"https:\/\/freeonlinetranslators.net\/news\/wp-json\/wp\/v2\/posts"}],"about":[{"href":"https:\/\/freeonlinetranslators.net\/news\/wp-json\/wp\/v2\/types\/post"}],"author":[{"embeddable":true,"href":"https:\/\/freeonlinetranslators.net\/news\/wp-json\/wp\/v2\/users\/1"}],"replies":[{"embeddable":true,"href":"https:\/\/freeonlinetranslators.net\/news\/wp-json\/wp\/v2\/comments?post=203488"}],"version-history":[{"count":0,"href":"https:\/\/freeonlinetranslators.net\/news\/wp-json\/wp\/v2\/posts\/203488\/revisions"}],"wp:featuredmedia":[{"embeddable":true,"href":"https:\/\/freeonlinetranslators.net\/news\/wp-json\/wp\/v2\/media\/203489"}],"wp:attachment":[{"href":"https:\/\/freeonlinetranslators.net\/news\/wp-json\/wp\/v2\/media?parent=203488"}],"wp:term":[{"taxonomy":"category","embeddable":true,"href":"https:\/\/freeonlinetranslators.net\/news\/wp-json\/wp\/v2\/categories?post=203488"},{"taxonomy":"post_tag","embeddable":true,"href":"https:\/\/freeonlinetranslators.net\/news\/wp-json\/wp\/v2\/tags?post=203488"}],"curies":[{"name":"wp","href":"https:\/\/api.w.org\/{rel}","templated":true}]}}