{"id":202848,"date":"2020-04-14T14:12:19","date_gmt":"2020-04-14T14:12:19","guid":{"rendered":"https:\/\/freeonlinetranslators.net\/news\/germany\/corona-krise-ministerprasidenten-bremsen-erwartungen-an-schnelle-lockerungen\/"},"modified":"2020-04-14T14:12:19","modified_gmt":"2020-04-14T14:12:19","slug":"corona-krise-ministerprasidenten-bremsen-erwartungen-an-schnelle-lockerungen","status":"publish","type":"post","link":"https:\/\/freeonlinetranslators.net\/news\/germany\/corona-krise-ministerprasidenten-bremsen-erwartungen-an-schnelle-lockerungen\/","title":{"rendered":"Corona-Krise: Ministerpr\u00e4sidenten bremsen Erwartungen an schnelle Lockerungen"},"content":{"rendered":"<p class=\"caps\">Wann f\u00e4hrt Deutschland das \u00f6ffentliche Leben wieder hoch? Am Mittwoch beraten dar\u00fcber Kanzlerin und L\u00e4nder. Mehrere Ministerpr\u00e4sidenten sehen rasche Lockerungen der Schutzma\u00dfnahmen skeptisch.  <\/p>\n<p>In der Debatte \u00fcber einen m\u00f6glichen Fahrplan aus dem Corona-Lockdown warnen mehrere Ministerpr\u00e4sidenten davor, die Ma\u00dfnahmen im Kampf gegen das Virus schon bald teilweise aufzuheben.<\/p>\n<p><strong>Sachsen-Anhalts Ministerpr\u00e4sident Reiner Haseloff<\/strong> begr\u00fc\u00dft zwar die Empfehlungen der Leopoldina zur m\u00f6glichen Lockerung von Einschr\u00e4nkungen. Der CDU-Politiker sagte dem SPIEGEL aber auch: &quot;Vor einer vorschnellen und generellen Aufhebung von Ma\u00dfnahmen m\u00f6chte ich ausdr\u00fccklich warnen. Wir sind noch mitten in der Bek\u00e4mpfung der Corona-Pandemie und m\u00fcssen jeden Schritt kontrollieren und gegebenenfalls korrigieren k\u00f6nnen.&quot;<\/p>\n<p>Entscheidend sei die Sitzung am Mittwoch, in der sich die Ministerpr\u00e4sidenten mit Bundeskanzlerin Angela Merkel (CDU) \u00fcber das weitere Vorgehen ab dem 20. April austauschen wollen. &quot;Der Geleitzug von Bund und L\u00e4ndern hat sich bew\u00e4hrt. Ein gemeinsamer Generalkurs sollte weiterhin erkennbar bleiben&quot;, sagte Haseloff. Dabei k\u00f6nne es durchaus &quot;regionale und l\u00e4nderspezifische Unterschiede geben&quot;.<\/p>\n<p><strong>Manuela Schwesig, Ministerpr\u00e4sidentin Mecklenburg-Vorpommerns, <\/strong>mahnte ebenfalls zur Vorsicht: &quot;Die Wissenschaftler haben uns sehr deutlich gesagt, dass uns eine Gratwanderung bevorsteht&quot;, sagte die SPD-Politikerin. &quot;Wenn wir Ma\u00dfnahmen lockern, dann muss dies so erfolgen, dass die Zahl der Infektionen nicht in die H\u00f6he schie\u00dft.&quot;<\/p>\n<p>Auch <strong>Brandenburgs Ministerpr\u00e4sident Dietmar Woidke <\/strong>(SPD) sieht nur eine schrittweise Lockerung der Ma\u00dfnahmen als m\u00f6glich an: &quot;Ganz klar: Es wird keinen Schnellstart von null auf hundert geben. Auch die Abstands- und Hygieneregeln werden uns noch lange begleiten.&quot;<\/p>\n<p>Auch er mahnte, die Bundesl\u00e4nder sollten weitreichende Entscheidungen nun nicht allein treffen. &quot;Ich setze, auch als Bundesratspr\u00e4sident, darauf, dass die L\u00e4nder bundesweit abgestimmt vorgehen. Nat\u00fcrlich wird es regionale Besonderheiten geben. Das ist auch richtig so und ein Vorteil unseres F\u00f6deralismus&quot;, sagte Woidke dem SPIEGEL.<\/p>\n<p>In Berlin bremst der <strong>Regierende B\u00fcrgermeister Michael M\u00fcller<\/strong> (SPD) ebenfalls die Erwartungen an schnelle Lockerungen der Corona-Regeln. &quot;Nach wie vor ist der Gesundheitsschutz oberstes Gebot, wenn wir \u00fcber Lockerungen sprechen&quot;, sagte M\u00fcller dem SPIEGEL. Es m\u00fcsse klar sein, dass man noch nicht \u00fcber den Berg sei, daran w\u00fcrden alle \u00dcberlegungen gemessen.<\/p>\n<p>M\u00fcller hatte zuvor gegen\u00fcber dem Sender rbb von einer Lockerung der Ausgangsbeschr\u00e4nkungen fr\u00fchestens ab dem 27. April gesprochen. Nun wollte er sich nicht mehr festlegen. &quot;Wo und ab wann welche Lockerungen der Ausgangsbeschr\u00e4nkungen m\u00f6glich sind, werden wir zun\u00e4chst gemeinsam mit der Kanzlerin und den Ministerpr\u00e4sidenten am Mittwoch besprechen.&quot;<\/p>\n<p>Auf dieser Grundlage werde der Berliner Senat diskutieren, wie die Empfehlungen auch in Berlin umgesetzt und regional angepasst werden k\u00f6nnten. &quot;Dazu werden wir uns Zeit nehmen&quot;, so M\u00fcller.<\/p>\n<p>Allerdings nannte er drei Ma\u00dfnahmen, die m\u00f6glicherweise vorrangig bei Lockerungen infrage kommen k\u00f6nnten. &quot;Ich halte erste Schritte besonders in den Bereichen Schule und Einzelhandel f\u00fcr wichtig. Auch die Maskenpflicht in Gesch\u00e4ften wird sicherlich ein Thema sein, das wir diskutieren m\u00fcssen&quot;, sagte M\u00fcller.<\/p>\n","protected":false},"excerpt":{"rendered":"<p>Wann f\u00e4hrt Deutschland das \u00f6ffentliche Leben wieder hoch? Am Mittwoch beraten dar\u00fcber Kanzlerin und L\u00e4nder. Mehrere Ministerpr\u00e4sidenten sehen rasche Lockerungen der Schutzma\u00dfnahmen skeptisch. In der Debatte \u00fcber einen m\u00f6glichen Fahrplan<\/p>\n","protected":false},"author":1,"featured_media":202849,"comment_status":"open","ping_status":"open","sticky":false,"template":"","format":"standard","meta":{"footnotes":""},"categories":[6],"tags":[],"class_list":["post-202848","post","type-post","status-publish","format-standard","has-post-thumbnail","hentry","category-germany"],"_links":{"self":[{"href":"https:\/\/freeonlinetranslators.net\/news\/wp-json\/wp\/v2\/posts\/202848","targetHints":{"allow":["GET"]}}],"collection":[{"href":"https:\/\/freeonlinetranslators.net\/news\/wp-json\/wp\/v2\/posts"}],"about":[{"href":"https:\/\/freeonlinetranslators.net\/news\/wp-json\/wp\/v2\/types\/post"}],"author":[{"embeddable":true,"href":"https:\/\/freeonlinetranslators.net\/news\/wp-json\/wp\/v2\/users\/1"}],"replies":[{"embeddable":true,"href":"https:\/\/freeonlinetranslators.net\/news\/wp-json\/wp\/v2\/comments?post=202848"}],"version-history":[{"count":0,"href":"https:\/\/freeonlinetranslators.net\/news\/wp-json\/wp\/v2\/posts\/202848\/revisions"}],"wp:featuredmedia":[{"embeddable":true,"href":"https:\/\/freeonlinetranslators.net\/news\/wp-json\/wp\/v2\/media\/202849"}],"wp:attachment":[{"href":"https:\/\/freeonlinetranslators.net\/news\/wp-json\/wp\/v2\/media?parent=202848"}],"wp:term":[{"taxonomy":"category","embeddable":true,"href":"https:\/\/freeonlinetranslators.net\/news\/wp-json\/wp\/v2\/categories?post=202848"},{"taxonomy":"post_tag","embeddable":true,"href":"https:\/\/freeonlinetranslators.net\/news\/wp-json\/wp\/v2\/tags?post=202848"}],"curies":[{"name":"wp","href":"https:\/\/api.w.org\/{rel}","templated":true}]}}